{"id":531,"date":"2015-07-28T09:18:57","date_gmt":"2015-07-28T07:18:57","guid":{"rendered":"http:\/\/vorujahimeesteselts.ee\/?p=531"},"modified":"2015-07-29T22:09:47","modified_gmt":"2015-07-29T20:09:47","slug":"tagasivaade-vabariiklikule-xxxv-jahimeeste-kokkutulekule","status":"publish","type":"post","link":"http:\/\/vorujahimeesteselts.ee\/?p=531","title":{"rendered":"Tagasivaade vabariiklikule XXXV jahimeeste kokkutulekule."},"content":{"rendered":"<p>N\u00fc\u00fcd, kus elamused viimasest jahimeeste kokkutulekust on j\u00f5udnud parasjagu laagerdada, on paras hetk meenutada toimunut.<\/p>\n<p>Kuigi seekordne kokkutulek algas meie jaoks v\u00e4ikese ebameeldivusega- laagriplatsi suurus ei vastanud ootustele, v\u00f5ib kokkuv\u00f5ttes lugeda s\u00fcndmust igati kordal\u00e4inuks. Tegevusi jagus nii noortele kui vanadele, meestele kui naistele. Ka v\u00f5istlustel osalemise formaat oli seekord meie jaoks harjumatu. Jahi\u00fchendust ei esindanud mitte klubi koondv\u00f5istkond ega ka viimasel kolmel aastal jahtkondade arvestuses v\u00f5idu noppinud M\u00f5niste jahtkond, vaid soovi korral said kaasa l\u00fc\u00fca k\u00f5ik kokkutulekul osalenud jahtkonnad.<\/p>\n<p>Esialgu n\u00e4ris ka minu hinge v\u00e4ike kahtluseuss, kas leidub ikka piisavalt soovijaid oma teadmised- oskused proovile panna. \u00d5nneks osutusid kartused alusetuks ja kokkuv\u00f5ttes l\u00e4ks koguni nii h\u00e4sti, et tulime jahi\u00fchenduste arvestuses kolmandaks. T\u00e4nan siinjuures k\u00f5iki v\u00f5istlussarjas osalenud jahtkondi ning usun, et saite suure t\u00f5uke ka j\u00e4rgmisel aastal kaasal\u00f6\u00f6miseks.<\/p>\n<p>Kuna j\u00e4rgmise aasta kokkutuleku koht on hetkel veel selgusetu, siis l\u00f5petuseks k\u00f5igile m\u00f5tisklemiseks&#8230;. kas leidub V\u00f5rumaal kohta, kus korraldada j\u00e4rgmine vabariiklik kokkutulek?<br \/>\nV\u00f5i mis veelgi olulisem, kas leidub meis endis piisavalt j\u00f5udu ja tahtmist suur\u00fcrituse v\u00e4\u00e4rikaks l\u00e4biviimiseks.<\/p>\n<p>K\u00f5igile ilusat suve j\u00e4tku soovides,<br \/>\nMati Kivistik, VJS juhatuse esimees.<\/p>\n","protected":false},"excerpt":{"rendered":"<p>N\u00fc\u00fcd, kus elamused viimasest jahimeeste kokkutulekust on j\u00f5udnud parasjagu laagerdada, on paras hetk meenutada toimunut. Kuigi seekordne kokkutulek algas meie jaoks v\u00e4ikese ebameeldivusega- laagriplatsi suurus ei vastanud ootustele, v\u00f5ib kokkuv\u00f5ttes lugeda s\u00fcndmust igati kordal\u00e4inuks. Tegevusi jagus nii noortele kui vanadele,&#8230; <a class=\"more-link\" href=\"http:\/\/vorujahimeesteselts.ee\/?p=531\">Continue Reading &rarr;<\/a><\/p>\n","protected":false},"author":1,"featured_media":533,"comment_status":"closed","ping_status":"closed","sticky":false,"template":"","format":"standard","meta":{"ngg_post_thumbnail":0},"categories":[6],"tags":[],"_links":{"self":[{"href":"http:\/\/vorujahimeesteselts.ee\/index.php?rest_route=\/wp\/v2\/posts\/531"}],"collection":[{"href":"http:\/\/vorujahimeesteselts.ee\/index.php?rest_route=\/wp\/v2\/posts"}],"about":[{"href":"http:\/\/vorujahimeesteselts.ee\/index.php?rest_route=\/wp\/v2\/types\/post"}],"author":[{"embeddable":true,"href":"http:\/\/vorujahimeesteselts.ee\/index.php?rest_route=\/wp\/v2\/users\/1"}],"replies":[{"embeddable":true,"href":"http:\/\/vorujahimeesteselts.ee\/index.php?rest_route=%2Fwp%2Fv2%2Fcomments&post=531"}],"version-history":[{"count":1,"href":"http:\/\/vorujahimeesteselts.ee\/index.php?rest_route=\/wp\/v2\/posts\/531\/revisions"}],"predecessor-version":[{"id":532,"href":"http:\/\/vorujahimeesteselts.ee\/index.php?rest_route=\/wp\/v2\/posts\/531\/revisions\/532"}],"wp:featuredmedia":[{"embeddable":true,"href":"http:\/\/vorujahimeesteselts.ee\/index.php?rest_route=\/wp\/v2\/media\/533"}],"wp:attachment":[{"href":"http:\/\/vorujahimeesteselts.ee\/index.php?rest_route=%2Fwp%2Fv2%2Fmedia&parent=531"}],"wp:term":[{"taxonomy":"category","embeddable":true,"href":"http:\/\/vorujahimeesteselts.ee\/index.php?rest_route=%2Fwp%2Fv2%2Fcategories&post=531"},{"taxonomy":"post_tag","embeddable":true,"href":"http:\/\/vorujahimeesteselts.ee\/index.php?rest_route=%2Fwp%2Fv2%2Ftags&post=531"}],"curies":[{"name":"wp","href":"https:\/\/api.w.org\/{rel}","templated":true}]}}